{"id":2965,"date":"2021-09-03T16:06:18","date_gmt":"2021-09-03T14:06:18","guid":{"rendered":"https:\/\/berthet-vins.ch\/?p=2965"},"modified":"2021-09-03T16:39:50","modified_gmt":"2021-09-03T14:39:50","slug":"4-et-5-septembre-caves-ouvertes-vaudoises","status":"publish","type":"post","link":"http:\/\/berthet-vins.ch\/fr\/4-et-5-septembre-caves-ouvertes-vaudoises\/","title":{"rendered":"4 et 5 septembre &#8211; Caves Ouvertes Vaudoises"},"content":{"rendered":"<h3>Ce week-end, nous ouvrons notre terrasse pour le retour tant attendu des Caves Ouvertes Vaudoises! De 11h \u00e0 18h, nous vous ferons partager notre passion: la vigne, le vin et la convivialit\u00e9.<\/h3>\n<h4><\/h4>\n<h4><span style=\"color: #333333;\"><em><strong><span style=\"font-size: inherit;\">Nos vins ont obtenu de magnifiques r\u00e9compenses cet \u00e9t\u00e9, profitez de l&rsquo;occasion pour les d\u00e9guster!<\/span><\/strong><\/em><\/span><\/h4>\n<ul>\n<li>Ch\u00e2telard 2020: <strong>m\u00e9daille OR<\/strong> et 12e meilleur vin au Mondial du Chasselas<\/li>\n<li>Epesses Grand cru 2020: <strong>m\u00e9daille OR<\/strong> au Mondial du Chasselas<\/li>\n<li>Pinot Noir 2020: <strong>m\u00e9daille OR<\/strong> au Mondial des Pinots<\/li>\n<li>Ch\u00e2telard 2020: <strong>m\u00e9daille ARGENT<\/strong> \u00e0 la S\u00e9lection des Vins Vaudois<\/li>\n<li>Galaurus 2018: <strong>m\u00e9daille ARGENT<\/strong> \u00e0 la S\u00e9lection des Vins Vaudois<\/li>\n<li>Grains d&rsquo;Amour 2019: <strong>m\u00e9daille ARGENT<\/strong> \u00e0 la S\u00e9lection des Vins Vaudois<\/li>\n<li>Ch\u00e2telard 2020: <strong>Label OR Terravin<\/strong><\/li>\n<li>Epesses Grand cru 2020: <strong>Label OR Terravin<\/strong><\/li>\n<\/ul>\n<p><span style=\"font-size: inherit;\">Muni de votre passeport Caves ouvertes, vous reconna\u00eetrez facilement les autres \u00e9picuriens \u00e0 leur verre de vin rouge ou de vin blanc \u00e0 la main et \u00e0 leur bonne humeur contagieuse. Amateurs d&rsquo;oenologie, vous n\u2019avez qu\u2019\u00e0 les suivre pour rejoindre le c\u0153ur de l\u2019\u00e9v\u00e9nement !<\/span><\/p>\n<p>De nombreux vignerons sont pr\u00eats \u00e0 vous accueillir dans leurs caves et caveaux durant le week-end de Pentec\u00f4te dans les vignobles de Lavaux, du Chablais, de La C\u00f4te, du Vully, de Bonvillars et des C\u00f4tes de l&rsquo;Orbe. (Re)d\u00e9couvrez les sensations que vous pourrez vivre lors de vos premi\u00e8res Caves Ouvertes Vaudoises . Un moment de d\u00e9tente, o\u00f9 convivialit\u00e9 et d\u00e9couvertes sont au rendez-vous dans tout le canton!<\/p>\n<p><a href=\"https:\/\/www.region-du-leman.ch\/fr\/Z10789\/vos-premieres-caves-ouvertes-vaudoises\" target=\"_blank\" rel=\"noopener\">LAISSEZ-VOUS INSPIRER !<\/a><\/p>\n","protected":false},"excerpt":{"rendered":"<p>Ce week-end, nous ouvrons notre terrasse pour le retour tant attendu des Caves Ouvertes Vaudoises! De 11h \u00e0 18h, nous vous ferons partager notre passion: la vigne, le vin et la convivialit\u00e9. Nos vins ont obtenu de magnifiques r\u00e9compenses cet \u00e9t\u00e9, profitez de l&rsquo;occasion pour les d\u00e9guster! Ch\u00e2telard 2020: m\u00e9daille OR et 12e meilleur vin [&hellip;]<\/p>\n","protected":false},"author":1,"featured_media":2970,"comment_status":"open","ping_status":"open","sticky":false,"template":"","format":"standard","meta":{"_et_pb_use_builder":"off","_et_pb_old_content":"<h3>Ce week-end, nous ouvrons notre terrasse pour le retour tant attendu des Caves Ouvertes Vaudoises! De 11h \u00e0 18h, nous vous ferons partager notre passion: la vigne, le vin et la convivialit\u00e9.<\/h3>\n<h4><span style=\"font-size: inherit;\">Nos vins ont obtenu de magnifiques r\u00e9compenses cet \u00e9t\u00e9, profitez de l'occasion pour les d\u00e9guster !<\/span><\/h4>\n<ul>\n \t<li>Ch\u00e2telard 2020: <strong>m\u00e9daille OR<\/strong> et 12e meilleur vin au Mondial du Chasselas<\/li>\n \t<li>Epesses Grand cru 2020: <strong>m\u00e9daille OR<\/strong> au Mondial du Chasselas<\/li>\n \t<li>Pinot Noir 2020: <strong>m\u00e9daille OR<\/strong> au Mondial des Pinots<\/li>\n \t<li>Ch\u00e2telard 2020: <strong>m\u00e9daille ARGENT<\/strong> \u00e0 la S\u00e9lection des Vins Vaudois<\/li>\n \t<li>Galaurus 2018: <strong>m\u00e9daille ARGENT<\/strong> \u00e0 la S\u00e9lection des Vins Vaudois<\/li>\n \t<li>Grains d'Amour 2019: <strong>m\u00e9daille ARGENT<\/strong> \u00e0 la S\u00e9lection des Vins Vaudois<\/li>\n \t<li>Ch\u00e2telard 2020: <strong>Label OR Terravin<\/strong><\/li>\n \t<li>Epesses Grand cru 2020: <strong>Label OR Terravin<\/strong><\/li>\n<\/ul>\n<span style=\"font-size: inherit;\">Muni de votre passeport Caves ouvertes, vous reconna\u00eetrez facilement les autres \u00e9picuriens \u00e0 leur verre de vin rouge ou de vin blanc \u00e0 la main et \u00e0 leur bonne humeur contagieuse. Amateurs d'oenologie, vous n\u2019avez qu\u2019\u00e0 les suivre pour rejoindre le c\u0153ur de l\u2019\u00e9v\u00e9nement !<\/span>\n\nDe nombreux vignerons sont pr\u00eats \u00e0 vous accueillir dans leurs caves et caveaux durant le week-end de Pentec\u00f4te dans les vignobles de Lavaux, du Chablais, de La C\u00f4te, du Vully, de Bonvillars et des C\u00f4tes de l'Orbe. (Re)d\u00e9couvrez les sensations que vous pourrez vivre lors de vos premi\u00e8res Caves Ouvertes Vaudoises . Un moment de d\u00e9tente, o\u00f9 convivialit\u00e9 et d\u00e9couvertes sont au rendez-vous dans tout le canton!\n\n<a href=\"https:\/\/www.region-du-leman.ch\/fr\/Z10789\/vos-premieres-caves-ouvertes-vaudoises\">LAISSEZ-VOUS INSPIRER !<\/a>","_et_gb_content_width":"","footnotes":""},"categories":[47],"tags":[],"class_list":["post-2965","post","type-post","status-publish","format-standard","has-post-thumbnail","hentry","category-actualites"],"_links":{"self":[{"href":"http:\/\/berthet-vins.ch\/fr\/wp-json\/wp\/v2\/posts\/2965","targetHints":{"allow":["GET"]}}],"collection":[{"href":"http:\/\/berthet-vins.ch\/fr\/wp-json\/wp\/v2\/posts"}],"about":[{"href":"http:\/\/berthet-vins.ch\/fr\/wp-json\/wp\/v2\/types\/post"}],"author":[{"embeddable":true,"href":"http:\/\/berthet-vins.ch\/fr\/wp-json\/wp\/v2\/users\/1"}],"replies":[{"embeddable":true,"href":"http:\/\/berthet-vins.ch\/fr\/wp-json\/wp\/v2\/comments?post=2965"}],"version-history":[{"count":12,"href":"http:\/\/berthet-vins.ch\/fr\/wp-json\/wp\/v2\/posts\/2965\/revisions"}],"predecessor-version":[{"id":2985,"href":"http:\/\/berthet-vins.ch\/fr\/wp-json\/wp\/v2\/posts\/2965\/revisions\/2985"}],"wp:featuredmedia":[{"embeddable":true,"href":"http:\/\/berthet-vins.ch\/fr\/wp-json\/wp\/v2\/media\/2970"}],"wp:attachment":[{"href":"http:\/\/berthet-vins.ch\/fr\/wp-json\/wp\/v2\/media?parent=2965"}],"wp:term":[{"taxonomy":"category","embeddable":true,"href":"http:\/\/berthet-vins.ch\/fr\/wp-json\/wp\/v2\/categories?post=2965"},{"taxonomy":"post_tag","embeddable":true,"href":"http:\/\/berthet-vins.ch\/fr\/wp-json\/wp\/v2\/tags?post=2965"}],"curies":[{"name":"wp","href":"https:\/\/api.w.org\/{rel}","templated":true}]}}