{"id":778,"date":"2017-06-19T21:02:00","date_gmt":"2017-06-19T19:02:00","guid":{"rendered":"https:\/\/berthet-vins.site\/journal-terre-nature-du-15-juin-2017\/"},"modified":"2023-03-08T18:47:13","modified_gmt":"2023-03-08T17:47:13","slug":"journal-terre-nature-du-15-juin-2017","status":"publish","type":"post","link":"http:\/\/berthet-vins.ch\/fr\/journal-terre-nature-du-15-juin-2017\/","title":{"rendered":"TERRE &#038; NATURE &#8211; Un domaine et des vins"},"content":{"rendered":"<h2>El\u00e9gance et pr\u00e9cision en Lavaux<\/h2>\n<h3>Journal Terre &amp; Nature du 15 juin 2017<\/h3>\n<p>Merci Terre &amp; Nature pour ce bel article!<\/p>\n<blockquote><p>\u00ab\u00a0\u00c0 Cully, Laurent Berthet cultive et <span class=\"text_exposed_show\">\u00e9labore des <a href=\"https:\/\/berthet-vins.ch\/fr\/nos-vins-de-lavaux\/\">vins<\/a> rac\u00e9s et expressifs, avec une exigence sans compromis: tirer le meilleur de chaque <a href=\"\/vignoble#cepages-blancs\">c\u00e9page<\/a>, sur chaque <a href=\"\/vignoble\/\">terroir<\/a>.\u00a0\u00bb<\/span><\/p><\/blockquote>\n<p><a href=\"https:\/\/berthet-vins.ch\/wp-content\/uploads\/2017\/06\/terre-et-nature-juin-2017-1.pdf\">VOIR L&rsquo;ARTICLE<\/a><\/p>\n<p><span class=\"text_exposed_show\"><a href=\"https:\/\/www.terrenature.ch\" target=\"_blank\" rel=\"noopener\">https:\/\/www.terrenature.ch<\/a><\/span><\/p>\n","protected":false},"excerpt":{"rendered":"<p>El\u00e9gance et pr\u00e9cision en Lavaux Journal Terre &amp; Nature du 15 juin 2017 Merci Terre &amp; Nature pour ce bel article! \u00ab\u00a0\u00c0 Cully, Laurent Berthet cultive et \u00e9labore des vins rac\u00e9s et expressifs, avec une exigence sans compromis: tirer le meilleur de chaque c\u00e9page, sur chaque terroir.\u00a0\u00bb VOIR L&rsquo;ARTICLE https:\/\/www.terrenature.ch<\/p>\n","protected":false},"author":1,"featured_media":3727,"comment_status":"open","ping_status":"open","sticky":false,"template":"","format":"standard","meta":{"_et_pb_use_builder":"","_et_pb_old_content":"","_et_gb_content_width":"","footnotes":""},"categories":[48],"tags":[],"class_list":["post-778","post","type-post","status-publish","format-standard","has-post-thumbnail","hentry","category-medias"],"_links":{"self":[{"href":"http:\/\/berthet-vins.ch\/fr\/wp-json\/wp\/v2\/posts\/778","targetHints":{"allow":["GET"]}}],"collection":[{"href":"http:\/\/berthet-vins.ch\/fr\/wp-json\/wp\/v2\/posts"}],"about":[{"href":"http:\/\/berthet-vins.ch\/fr\/wp-json\/wp\/v2\/types\/post"}],"author":[{"embeddable":true,"href":"http:\/\/berthet-vins.ch\/fr\/wp-json\/wp\/v2\/users\/1"}],"replies":[{"embeddable":true,"href":"http:\/\/berthet-vins.ch\/fr\/wp-json\/wp\/v2\/comments?post=778"}],"version-history":[{"count":6,"href":"http:\/\/berthet-vins.ch\/fr\/wp-json\/wp\/v2\/posts\/778\/revisions"}],"predecessor-version":[{"id":3736,"href":"http:\/\/berthet-vins.ch\/fr\/wp-json\/wp\/v2\/posts\/778\/revisions\/3736"}],"wp:featuredmedia":[{"embeddable":true,"href":"http:\/\/berthet-vins.ch\/fr\/wp-json\/wp\/v2\/media\/3727"}],"wp:attachment":[{"href":"http:\/\/berthet-vins.ch\/fr\/wp-json\/wp\/v2\/media?parent=778"}],"wp:term":[{"taxonomy":"category","embeddable":true,"href":"http:\/\/berthet-vins.ch\/fr\/wp-json\/wp\/v2\/categories?post=778"},{"taxonomy":"post_tag","embeddable":true,"href":"http:\/\/berthet-vins.ch\/fr\/wp-json\/wp\/v2\/tags?post=778"}],"curies":[{"name":"wp","href":"https:\/\/api.w.org\/{rel}","templated":true}]}}