{"id":2926,"date":"2021-06-02T14:50:03","date_gmt":"2021-06-02T12:50:03","guid":{"rendered":"https:\/\/berthet-vins.ch\/?p=2926"},"modified":"2021-06-03T21:06:43","modified_gmt":"2021-06-03T19:06:43","slug":"18-et-19-juin-portes-ouvertes-au-domaine","status":"publish","type":"post","link":"https:\/\/berthet-vins.ch\/fr\/18-et-19-juin-portes-ouvertes-au-domaine\/","title":{"rendered":"18 et 19 juin &#8211; Portes Ouvertes au domaine"},"content":{"rendered":"<h3>Un vin divin, c&rsquo;est une histoire de liens. Ensemble, c\u00e9l\u00e9brons-les !<\/h3>\n<p>Vendredi 18 juin de 17h \u00e0 21h<\/p>\n<p>Samedi 19 juin de 11h \u00e0 18h<\/p>\n<p>O\u00f9 ? Cave Laurent Berthet, Chemin des Colombaires 32, 1096 Cully<\/p>\n<p><\/p>\n<p><span style=\"font-size: 12pt;\"><strong>Votre cadeau&nbsp;: 10% de rabais sur tous les vins&nbsp;!<\/strong><\/span><\/p>\n<p><\/p>\n<h3>Savourons nos liens autour de mets du terroir<\/h3>\n<p>Le taill\u00e9 aux greubons maison&nbsp; \u266a\u266a&nbsp; Le petit d\u00e9lice de truite&nbsp; \u266a\u266a&nbsp; Les bruschettas aux tomates&nbsp; \u266a\u266a&nbsp; Le saucisson vaudois et sa cro\u00fbte dor\u00e9e&nbsp; \u266a\u266a&nbsp; La planchette campagnarde&nbsp; \u266a\u266a&nbsp; La p\u00eache de vigne glac\u00e9e<\/p>\n<p>Samedi \u00e0 midi : raclette !<\/p>\n<h3>Un caract\u00e8re tremp\u00e9 pour notre Galaurus 2018 !<\/h3>\n<p>Un mill\u00e9sime intense et puissant issu des \u00e9pousailles entre Cabernet Dorsa et Galotta.<\/p>\n<p>Nous vous attendons avec joie !<\/p>\n<p>Famille Berthet<\/p>\n\n\n<p><em>En raison de la crise sanitaire, <strong>nous vous demandons d&rsquo;annoncer l&rsquo;heure de votre venue<\/strong> :<\/em><\/p>\n\n\n\n<div class=\"wp-block-buttons aligncenter is-layout-flex wp-block-buttons-is-layout-flex\">\n<div class=\"wp-block-button\"><a class=\"wp-block-button__link has-white-color has-text-color has-background\" href=\"https:\/\/berthet-vins.ch\/fr\/portes-ouvertes-inscription\/\" style=\"border-radius:3px;background-color:#d09100\" target=\"_blank\" rel=\"\/portes-ouvertes-inscription noopener noreferrer\">S&rsquo;inscrire<\/a><\/div>\n<\/div>\n\n\n\n<p><\/p>\n","protected":false},"excerpt":{"rendered":"<p>Un vin divin, c&rsquo;est une histoire de liens. Ensemble, c\u00e9l\u00e9brons-les ! Vendredi 18 juin de 17h \u00e0 21h Samedi 19 juin de 11h \u00e0 18h O\u00f9 ? Cave Laurent Berthet, Chemin des Colombaires 32, 1096 Cully Votre cadeau&nbsp;: 10% de rabais sur tous les vins&nbsp;! Savourons nos liens autour de mets du terroir Le taill\u00e9 [&hellip;]<\/p>\n","protected":false},"author":1,"featured_media":2923,"comment_status":"open","ping_status":"open","sticky":false,"template":"","format":"standard","meta":{"_et_pb_use_builder":"off","_et_pb_old_content":"<h3>Un vin divin, c'est une histoire de liens. Ensemble, c\u00e9l\u00e9brons-les !<\/h3>\n<p>Vendredi 18 juin de 17h \u00e0 21h<\/p>\n<p>Samedi 19 juin de 11h \u00e0 18h<\/p>\n<p>O\u00f9 ? Cave Laurent Berthet, Chemin des Colombaires 32, 1096 Cully<\/p>\n<p>\u00a0<\/p>\n<p><span style=\"font-size: 12pt;\"><strong>Votre cadeau\u00a0: 10% de rabais sur tous les vins\u00a0!<\/strong><\/span><\/p>\n<p>\u00a0<\/p>\n<h3>Savourons nos liens autour de mets du terroir<\/h3>\n<p>Le taill\u00e9 aux greubons maison\u00a0 \u266a\u266a\u00a0 Le petit d\u00e9lice de truite\u00a0 \u266a\u266a\u00a0 Les bruschettas aux tomates\u00a0 \u266a\u266a\u00a0 Le saucisson vaudois et sa cro\u00fbte dor\u00e9e\u00a0 \u266a\u266a\u00a0 La planchette campagnarde\u00a0 \u266a\u266a\u00a0 La p\u00eache de vigne glac\u00e9e<\/p>\n<p>Samedi \u00e0 midi : raclette !<\/p>\n<h3>Un caract\u00e8re tremp\u00e9 pour notre Galaurus 2018 !<\/h3>\n<p>Un mill\u00e9sime intense et puissant issu des \u00e9pousailles entre Cabernet Dorsa et Galotta.<\/p>\n<p>Nous vous attendons avec joie !<\/p>\n<p>Famille Berthet<\/p>\n\n<!-- wp:paragraph -->\n<p><em>En raison de la crise sanitaire, <strong>nous vous demandons d'annoncer l'heure de votre venue<\/strong> :<\/em><\/p>\n<!-- \/wp:paragraph -->\n\n<!-- wp:buttons {\"align\":\"center\"} -->\n<div class=\"wp-block-buttons aligncenter\"><!-- wp:button {\"borderRadius\":3,\"style\":{\"color\":{\"background\":\"#d09100\"}},\"textColor\":\"white\"} -->\n<div class=\"wp-block-button\"><a class=\"wp-block-button__link has-white-color has-text-color has-background\" style=\"border-radius:3px;background-color:#d09100\" target=\"_blank\" rel=\"\/portes-ouvertes-inscription\">S'inscrire<\/a><\/div>\n<!-- \/wp:button --><\/div>\n<!-- \/wp:buttons -->\n\n<!-- wp:paragraph -->\n<p><\/p>\n<!-- \/wp:paragraph -->","_et_gb_content_width":"","footnotes":""},"categories":[47],"tags":[],"class_list":["post-2926","post","type-post","status-publish","format-standard","has-post-thumbnail","hentry","category-actualites"],"_links":{"self":[{"href":"https:\/\/berthet-vins.ch\/fr\/wp-json\/wp\/v2\/posts\/2926","targetHints":{"allow":["GET"]}}],"collection":[{"href":"https:\/\/berthet-vins.ch\/fr\/wp-json\/wp\/v2\/posts"}],"about":[{"href":"https:\/\/berthet-vins.ch\/fr\/wp-json\/wp\/v2\/types\/post"}],"author":[{"embeddable":true,"href":"https:\/\/berthet-vins.ch\/fr\/wp-json\/wp\/v2\/users\/1"}],"replies":[{"embeddable":true,"href":"https:\/\/berthet-vins.ch\/fr\/wp-json\/wp\/v2\/comments?post=2926"}],"version-history":[{"count":10,"href":"https:\/\/berthet-vins.ch\/fr\/wp-json\/wp\/v2\/posts\/2926\/revisions"}],"predecessor-version":[{"id":3067,"href":"https:\/\/berthet-vins.ch\/fr\/wp-json\/wp\/v2\/posts\/2926\/revisions\/3067"}],"wp:featuredmedia":[{"embeddable":true,"href":"https:\/\/berthet-vins.ch\/fr\/wp-json\/wp\/v2\/media\/2923"}],"wp:attachment":[{"href":"https:\/\/berthet-vins.ch\/fr\/wp-json\/wp\/v2\/media?parent=2926"}],"wp:term":[{"taxonomy":"category","embeddable":true,"href":"https:\/\/berthet-vins.ch\/fr\/wp-json\/wp\/v2\/categories?post=2926"},{"taxonomy":"post_tag","embeddable":true,"href":"https:\/\/berthet-vins.ch\/fr\/wp-json\/wp\/v2\/tags?post=2926"}],"curies":[{"name":"wp","href":"https:\/\/api.w.org\/{rel}","templated":true}]}}