{"id":4322,"date":"2024-12-13T18:23:35","date_gmt":"2024-12-13T17:23:35","guid":{"rendered":"https:\/\/berthet-vins.ch\/?p=4322"},"modified":"2025-04-07T19:00:28","modified_gmt":"2025-04-07T17:00:28","slug":"vins-primes-de-lavaux-2024","status":"publish","type":"post","link":"https:\/\/berthet-vins.ch\/fr\/vins-primes-de-lavaux-2024\/","title":{"rendered":"2024, une ann\u00e9e dor\u00e9e pour nos vins prim\u00e9s de Lavaux"},"content":{"rendered":"<p>[et_pb_section fb_built=\u00a0\u00bb1&Prime; admin_label=\u00a0\u00bbArticle\u00a0\u00bb _builder_version=\u00a0\u00bb4.27.4&Prime; custom_padding=\u00a0\u00bb46px|||||\u00a0\u00bb global_colors_info=\u00a0\u00bb{}\u00a0\u00bb][et_pb_row admin_label=\u00a0\u00bbIntro\u00a0\u00bb _builder_version=\u00a0\u00bb4.27.4&Prime; background_size=\u00a0\u00bbinitial\u00a0\u00bb background_position=\u00a0\u00bbtop_left\u00a0\u00bb background_repeat=\u00a0\u00bbrepeat\u00a0\u00bb min_height=\u00a0\u00bb93.2px\u00a0\u00bb custom_margin=\u00a0\u00bb-105px|auto||auto||\u00a0\u00bb custom_padding=\u00a0\u00bb100px|||||\u00a0\u00bb global_colors_info=\u00a0\u00bb{}\u00a0\u00bb][et_pb_column type=\u00a0\u00bb4_4&Prime; _builder_version=\u00a0\u00bb4.16&Prime; custom_padding=\u00a0\u00bb|||\u00a0\u00bb global_colors_info=\u00a0\u00bb{}\u00a0\u00bb custom_padding__hover=\u00a0\u00bb|||\u00a0\u00bb][et_pb_text _builder_version=\u00a0\u00bb4.27.4&Prime; text_font_size=\u00a0\u00bb15px\u00a0\u00bb background_size=\u00a0\u00bbinitial\u00a0\u00bb background_position=\u00a0\u00bbtop_left\u00a0\u00bb background_repeat=\u00a0\u00bbrepeat\u00a0\u00bb text_orientation=\u00a0\u00bbjustified\u00a0\u00bb custom_margin=\u00a0\u00bb0px||0px||false|false\u00a0\u00bb global_colors_info=\u00a0\u00bb{}\u00a0\u00bb]<strong>2024 a \u00e9t\u00e9 une ann\u00e9e exceptionnelle pour nos vins prim\u00e9s de Lavaux. Nous sommes honor\u00e9s que nos crus, fruits du terroir unique de Lavaux, aient re\u00e7u de nombreuses distinctions, mettant en avant notre passion et notre engagement pour l\u2019excellence. Ces r\u00e9compenses refl\u00e8tent non seulement la qualit\u00e9 de nos vins, mais aussi l\u2019histoire et l\u2019authenticit\u00e9 de notre domaine situ\u00e9 \u00e0 Cully.<\/strong>[\/et_pb_text][\/et_pb_column][\/et_pb_row][et_pb_row admin_label=\u00a0\u00bbTerravin\u00a0\u00bb _builder_version=\u00a0\u00bb4.27.4&Prime; background_size=\u00a0\u00bbinitial\u00a0\u00bb background_position=\u00a0\u00bbtop_left\u00a0\u00bb background_repeat=\u00a0\u00bbrepeat\u00a0\u00bb custom_margin=\u00a0\u00bb10px||||false|false\u00a0\u00bb global_colors_info=\u00a0\u00bb{}\u00a0\u00bb][et_pb_column type=\u00a0\u00bb4_4&Prime; _builder_version=\u00a0\u00bb4.16&Prime; custom_padding=\u00a0\u00bb|||\u00a0\u00bb global_colors_info=\u00a0\u00bb{}\u00a0\u00bb custom_padding__hover=\u00a0\u00bb|||\u00a0\u00bb][et_pb_image src=\u00a0\u00bbhttps:\/\/berthet-vins.ch\/wp-content\/uploads\/2023\/03\/IMG_2835.jpg\u00a0\u00bb title_text=\u00a0\u00bbIMG_2835&Prime; url=\u00a0\u00bbhttps:\/\/www.terravin.swiss\/fr\/\u00a0\u00bb align=\u00a0\u00bbcenter\u00a0\u00bb _builder_version=\u00a0\u00bb4.27.4&Prime; _module_preset=\u00a0\u00bbdefault\u00a0\u00bb width=\u00a0\u00bb20%\u00a0\u00bb custom_margin=\u00a0\u00bb||0px||false|false\u00a0\u00bb global_colors_info=\u00a0\u00bb{}\u00a0\u00bb][\/et_pb_image][et_pb_heading title=\u00a0\u00bbLauriers d\u2019Or Terravin : une double r\u00e9compense\u00a0\u00bb _builder_version=\u00a0\u00bb4.27.4&Prime; _module_preset=\u00a0\u00bbdefault\u00a0\u00bb title_level=\u00a0\u00bbh2&Prime; title_font=\u00a0\u00bb|||||on|||\u00a0\u00bb title_text_align=\u00a0\u00bbleft\u00a0\u00bb custom_margin=\u00a0\u00bb||0px||false|false\u00a0\u00bb global_colors_info=\u00a0\u00bb{}\u00a0\u00bb][\/et_pb_heading][et_pb_text _builder_version=\u00a0\u00bb4.27.4&Prime; background_size=\u00a0\u00bbinitial\u00a0\u00bb background_position=\u00a0\u00bbtop_left\u00a0\u00bb background_repeat=\u00a0\u00bbrepeat\u00a0\u00bb module_alignment=\u00a0\u00bbcenter\u00a0\u00bb global_colors_info=\u00a0\u00bb{}\u00a0\u00bb]Nous avons eu l\u2019immense plaisir de recevoir les Lauriers d\u2019Or Terravin pour deux de nos crus, embl\u00e9matiques des vins prim\u00e9s de Lavaux :<\/p>\n<ul>\n<li><strong>Ch\u00e2telard 2023<\/strong><\/li>\n<li><strong>Epesses Grand Cru 2023<\/strong><\/li>\n<\/ul>\n<p>Ces distinctions c\u00e9l\u00e8brent l\u2019harmonie et l\u2019\u00e9quilibre de nos vins, des qualit\u00e9s qui rendent chaque d\u00e9gustation unique.[\/et_pb_text][\/et_pb_column][\/et_pb_row][et_pb_row admin_label=\u00a0\u00bbSVV\u00a0\u00bb _builder_version=\u00a0\u00bb4.27.4&Prime; background_size=\u00a0\u00bbinitial\u00a0\u00bb background_position=\u00a0\u00bbtop_left\u00a0\u00bb background_repeat=\u00a0\u00bbrepeat\u00a0\u00bb custom_margin=\u00a0\u00bb10px||||false|false\u00a0\u00bb global_colors_info=\u00a0\u00bb{}\u00a0\u00bb][et_pb_column type=\u00a0\u00bb4_4&Prime; _builder_version=\u00a0\u00bb4.16&Prime; custom_padding=\u00a0\u00bb|||\u00a0\u00bb global_colors_info=\u00a0\u00bb{}\u00a0\u00bb custom_padding__hover=\u00a0\u00bb|||\u00a0\u00bb][et_pb_image src=\u00a0\u00bbhttps:\/\/berthet-vins.ch\/wp-content\/uploads\/2025\/01\/Medaille-Argent-SVV24.png\u00a0\u00bb title_text=\u00a0\u00bbMedaille-Argent-SVV24&Prime; url=\u00a0\u00bbhttps:\/\/www.selection-vins-vaudois.ch\/\u00a0\u00bb align=\u00a0\u00bbcenter\u00a0\u00bb _builder_version=\u00a0\u00bb4.27.4&Prime; _module_preset=\u00a0\u00bbdefault\u00a0\u00bb width=\u00a0\u00bb20%\u00a0\u00bb custom_margin=\u00a0\u00bb||0px||false|false\u00a0\u00bb global_colors_info=\u00a0\u00bb{}\u00a0\u00bb][\/et_pb_image][et_pb_heading title=\u00a0\u00bbS\u00e9lection des Vins Vaudois : cinq m\u00e9dailles d\u2019argent\u00a0\u00bb _builder_version=\u00a0\u00bb4.27.4&Prime; _module_preset=\u00a0\u00bbdefault\u00a0\u00bb title_level=\u00a0\u00bbh2&Prime; title_font=\u00a0\u00bb|||||on|||\u00a0\u00bb title_text_align=\u00a0\u00bbleft\u00a0\u00bb custom_margin=\u00a0\u00bb||0px||false|false\u00a0\u00bb global_colors_info=\u00a0\u00bb{}\u00a0\u00bb][\/et_pb_heading][et_pb_text _builder_version=\u00a0\u00bb4.27.4&Prime; background_size=\u00a0\u00bbinitial\u00a0\u00bb background_position=\u00a0\u00bbtop_left\u00a0\u00bb background_repeat=\u00a0\u00bbrepeat\u00a0\u00bb global_colors_info=\u00a0\u00bb{}\u00a0\u00bb]Lors de la S\u00e9lection des Vins Vaudois, l\u2019un des concours les plus reconnus de la r\u00e9gion, nos vins prim\u00e9s de Lavaux ont remport\u00e9 cinq m\u00e9daillesd\u2019argent :<\/p>\n<ul>\n<li><strong>Ch\u00e2telard 2023<\/strong><\/li>\n<li><strong>Doral 2023<\/strong><\/li>\n<li><strong>Pinot Noir 2022<\/strong><\/li>\n<li><strong>Galaurus 2022<\/strong><\/li>\n<li><strong>Grains d\u2019Amour 2022<\/strong><\/li>\n<\/ul>\n<p>Gr\u00e2ce \u00e0 ces distinctions, notre domaine a \u00e9t\u00e9 class\u00e9 parmi <strong>les dix meilleurs du canton de Vaud<\/strong>. C\u2019est une immense fiert\u00e9 et une reconnaissance de tout le travail accompli dans nos vignes et notre cave.[\/et_pb_text][\/et_pb_column][\/et_pb_row][et_pb_row admin_label=\u00a0\u00bbGPVS\u00a0\u00bb _builder_version=\u00a0\u00bb4.27.4&Prime; background_size=\u00a0\u00bbinitial\u00a0\u00bb background_position=\u00a0\u00bbtop_left\u00a0\u00bb background_repeat=\u00a0\u00bbrepeat\u00a0\u00bb custom_margin=\u00a0\u00bb10px||||false|false\u00a0\u00bb global_colors_info=\u00a0\u00bb{}\u00a0\u00bb][et_pb_column type=\u00a0\u00bb4_4&Prime; _builder_version=\u00a0\u00bb4.16&Prime; custom_padding=\u00a0\u00bb|||\u00a0\u00bb global_colors_info=\u00a0\u00bb{}\u00a0\u00bb custom_padding__hover=\u00a0\u00bb|||\u00a0\u00bb][et_pb_image src=\u00a0\u00bbhttps:\/\/berthet-vins.ch\/wp-content\/uploads\/2025\/01\/Grand_prix_du_vin_suisse_argent.png\u00a0\u00bb title_text=\u00a0\u00bbGrand_prix_du_vin_suisse_argent\u00a0\u00bb url=\u00a0\u00bbhttps:\/\/www.grandprixduvinsuisse.ch\/fr\/\u00a0\u00bb align=\u00a0\u00bbcenter\u00a0\u00bb _builder_version=\u00a0\u00bb4.27.4&Prime; _module_preset=\u00a0\u00bbdefault\u00a0\u00bb width=\u00a0\u00bb35%\u00a0\u00bb custom_margin=\u00a0\u00bb||0px||false|false\u00a0\u00bb global_colors_info=\u00a0\u00bb{}\u00a0\u00bb][\/et_pb_image][et_pb_heading title=\u00a0\u00bbGrand Prix du Vin Suisse : une reconnaissance nationale\u00a0\u00bb _builder_version=\u00a0\u00bb4.27.4&Prime; _module_preset=\u00a0\u00bbdefault\u00a0\u00bb title_level=\u00a0\u00bbh2&Prime; title_font=\u00a0\u00bb|||||on|||\u00a0\u00bb title_text_align=\u00a0\u00bbleft\u00a0\u00bb custom_margin=\u00a0\u00bb||0px||false|false\u00a0\u00bb global_colors_info=\u00a0\u00bb{}\u00a0\u00bb][\/et_pb_heading][et_pb_text _builder_version=\u00a0\u00bb4.27.4&Prime; background_size=\u00a0\u00bbinitial\u00a0\u00bb background_position=\u00a0\u00bbtop_left\u00a0\u00bb background_repeat=\u00a0\u00bbrepeat\u00a0\u00bb global_colors_info=\u00a0\u00bb{}\u00a0\u00bb]Sur la sc\u00e8ne nationale, le Grand Prix du Vin Suisse nous a \u00e9galement honor\u00e9s avec deux m\u00e9dailles d\u2019argent pour :<\/p>\n<ul>\n<li><strong>Pinot Noir 2022<\/strong><\/li>\n<li><strong>Galaurus 2022<\/strong><\/li>\n<\/ul>\n<p>Ces m\u00e9dailles soulignent la qualit\u00e9 et le caract\u00e8re de nos vins prim\u00e9s de Lavaux, qui savent s\u00e9duire les palais bien au-del\u00e0 de notre r\u00e9gion.[\/et_pb_text][\/et_pb_column][\/et_pb_row][et_pb_row admin_label=\u00a0\u00bbConclusion\u00a0\u00bb _builder_version=\u00a0\u00bb4.27.4&Prime; background_size=\u00a0\u00bbinitial\u00a0\u00bb background_position=\u00a0\u00bbtop_left\u00a0\u00bb background_repeat=\u00a0\u00bbrepeat\u00a0\u00bb custom_margin=\u00a0\u00bb10px||||false|false\u00a0\u00bb global_colors_info=\u00a0\u00bb{}\u00a0\u00bb][et_pb_column type=\u00a0\u00bb4_4&Prime; _builder_version=\u00a0\u00bb4.16&Prime; custom_padding=\u00a0\u00bb|||\u00a0\u00bb global_colors_info=\u00a0\u00bb{}\u00a0\u00bb custom_padding__hover=\u00a0\u00bb|||\u00a0\u00bb][et_pb_heading title=\u00a0\u00bbUn engagement r\u00e9compens\u00e9\u00a0\u00bb _builder_version=\u00a0\u00bb4.27.4&Prime; _module_preset=\u00a0\u00bbdefault\u00a0\u00bb title_level=\u00a0\u00bbh2&Prime; title_font=\u00a0\u00bb|||||on|||\u00a0\u00bb title_text_align=\u00a0\u00bbleft\u00a0\u00bb min_height=\u00a0\u00bb75px\u00a0\u00bb custom_margin=\u00a0\u00bb-24px||0px||false|false\u00a0\u00bb custom_padding=\u00a0\u00bb0px|||||\u00a0\u00bb global_colors_info=\u00a0\u00bb{}\u00a0\u00bb][\/et_pb_heading][et_pb_text _builder_version=\u00a0\u00bb4.27.4&Prime; background_size=\u00a0\u00bbinitial\u00a0\u00bb background_position=\u00a0\u00bbtop_left\u00a0\u00bb background_repeat=\u00a0\u00bbrepeat\u00a0\u00bb global_colors_info=\u00a0\u00bb{}\u00a0\u00bb]Ces distinctions s\u2019ajoutent \u00e0 celles des ann\u00e9es pr\u00e9c\u00e9dentes et t\u00e9moignent de la r\u00e9gularit\u00e9 et de l\u2019excellence de notre travail. Chaque r\u00e9compense est le fruit d\u2019un engagement sans faille, d\u2019une passion pour le terroir de Lavaux et d\u2019un respect profond pour les vignes qui nous entourent. Je tiens \u00e0 remercier chaleureusement toutes celles et ceux qui partagent avec nous cette aventure, que ce soit \u00e0 travers un moment de d\u00e9gustation ou en emportant nos vins \u00e0 leur table. Ces r\u00e9compenses ne sont pas seulement les n\u00f4tres, elles sont aussi les v\u00f4tres.<\/p>\n<p>Je vous invite \u00e0 venir d\u00e9couvrir ou red\u00e9couvrir nos vins prim\u00e9s de Lavaux. Que ce soit l\u2019\u00e9l\u00e9gance de l\u2019Epesses Grand Cru, la fra\u00eecheur du Doral ou la profondeur de notre Pinot Noir, chaque bouteille raconte une histoire et offre un moment de plaisir unique.<\/p>\n<p><strong>Au plaisir de vous accueillir pour partager ensemble la richesse de notre terroir et de nos vins !<\/strong><\/p>\n<p><em>Laurent Berthet<\/em>[\/et_pb_text][\/et_pb_column][\/et_pb_row][\/et_pb_section]<\/p>\n","protected":false},"excerpt":{"rendered":"<p>2024 a \u00e9t\u00e9 une ann\u00e9e exceptionnelle pour nos vins prim\u00e9s de Lavaux. Nous sommes honor\u00e9s que nos crus, fruits du terroir unique de Lavaux, aient re\u00e7u de nombreuses distinctions, mettant en avant notre passion et notre engagement pour l\u2019excellence. Ces r\u00e9compenses refl\u00e8tent non seulement la qualit\u00e9 de nos vins, mais aussi l\u2019histoire et l\u2019authenticit\u00e9 de [&hellip;]<\/p>\n","protected":false},"author":1,"featured_media":4325,"comment_status":"open","ping_status":"open","sticky":false,"template":"","format":"standard","meta":{"_et_pb_use_builder":"on","_et_pb_old_content":"<p><strong>2024 a \u00e9t\u00e9 une ann\u00e9e m\u00e9morable pour notre domaine \u00e0 Cully. Je suis fier de partager avec vous les nombreuses distinctions que nos vins ont remport\u00e9es. Ces r\u00e9compenses viennent confirmer la qualit\u00e9 et la r\u00e9gularit\u00e9 des vins du domaine familial, qui continue de faire honneur au terroir unique de Lavaux, inscrit au patrimoine mondial de l\u2019UNESC<\/strong><\/p><p>Le domaine de Laurent Berthet, vigneron-encaveur passionn\u00e9 situ\u00e9 \u00e0 Cully en Lavaux, a brill\u00e9 au cours de l\u2019ann\u00e9e 2024 gr\u00e2ce \u00e0 une r\u00e9colte exceptionnelle de distinctions. O.<\/p><h3><strong>Lauriers d\u2019Or Terravin : une double r\u00e9compense<\/strong><\/h3><p>Deux de nos crus ont \u00e9t\u00e9 r\u00e9compens\u00e9s par les prestigieux Lauriers d\u2019Or Terravin, une distinction embl\u00e9matique pour les vins vaudois :<\/p><ul><li><strong>Ch\u00e2telard 2023<\/strong><\/li><li><strong>Epesses Grand Cru 2023<\/strong><\/li><\/ul><p>Ces deux m\u00e9dailles symbolisent le travail acharn\u00e9 que nous mettons dans chaque \u00e9tape de la production, de la vigne jusqu\u2019\u00e0 la bouteille.<\/p><h3><strong>S\u00e9lection des Vins Vaudois : Cinq M\u00e9dailles d\u2019Argent<\/strong><\/h3><p>Lors de la S\u00e9lection des Vins Vaudois, l\u2019un des concours les plus reconnus de la r\u00e9gion, nous avons eu l\u2019honneur de recevoir cinq m\u00e9dailles d\u2019argent :<\/p><ul><li><strong>Ch\u00e2telard 2023<\/strong><\/li><li><strong>Doral 2023<\/strong><\/li><li><strong>Pinot Noir 2022<\/strong><\/li><li><strong>Galaurus 2022<\/strong><\/li><li><strong>Grains d\u2019Amour 2022<\/strong><\/li><\/ul><p>Ces distinctions ont permis \u00e0 notre cave d\u2019\u00eatre class\u00e9e parmi les dix meilleures du canton de Vaud, une immense fiert\u00e9 et une reconnaissance pour le travail accompli ann\u00e9e apr\u00e8s ann\u00e9e.<\/p><h3><strong>Grand Prix du Vin Suisse : Une Reconnaissance Nationale<\/strong><\/h3><p>Sur la sc\u00e8ne nationale, le Grand Prix du Vin Suisse nous a \u00e9galement honor\u00e9s avec deux m\u00e9dailles d\u2019argent pour :<\/p><ul><li><strong>Pinot Noir 2022<\/strong><\/li><li><strong>Galaurus 2022<\/strong><\/li><\/ul><p>Ces m\u00e9dailles soulignent la qualit\u00e9 et le caract\u00e8re de nos vins, qui savent s\u00e9duire les palais bien au-del\u00e0 de notre r\u00e9gion.<\/p><h3><strong>Un Engagement R\u00e9compens\u00e9<\/strong><\/h3><p>Ces distinctions s\u2019ajoutent \u00e0 celles des ann\u00e9es pr\u00e9c\u00e9dentes et t\u00e9moignent de la r\u00e9gularit\u00e9 et de l\u2019excellence de notre travail. Chaque r\u00e9compense est le fruit d\u2019un engagement sans faille, d\u2019une passion pour le terroir de Lavaux et d\u2019un respect profond pour les vignes qui nous entourent.<\/p><p>Je tiens \u00e0 remercier chaleureusement toutes celles et ceux qui partagent avec nous cette aventure, que ce soit \u00e0 travers un moment de d\u00e9gustation ou en emportant nos vins \u00e0 leur table. Ces r\u00e9compenses ne sont pas seulement les n\u00f4tres, elles sont aussi les v\u00f4tres.<\/p><p>Je vous invite \u00e0 venir d\u00e9couvrir ou red\u00e9couvrir nos vins prim\u00e9s. Que ce soit l\u2019\u00e9l\u00e9gance de l\u2019Epesses Grand Cru, la fra\u00eecheur du Doral ou la profondeur de notre Pinot Noir, chaque bouteille raconte une histoire et offre un moment de plaisir unique.<\/p><p><em><strong>Au plaisir de vous accueillir \u00e0 Cully pour partager notre passion et nos vins !<\/strong><\/em><\/p><p><em>Laurent Berthet<\/em><\/p>","_et_gb_content_width":"","footnotes":""},"categories":[47,46,49],"tags":[],"class_list":["post-4322","post","type-post","status-publish","format-standard","has-post-thumbnail","hentry","category-actualites","category-blog","category-medailles-et-distinctions"],"_links":{"self":[{"href":"https:\/\/berthet-vins.ch\/fr\/wp-json\/wp\/v2\/posts\/4322","targetHints":{"allow":["GET"]}}],"collection":[{"href":"https:\/\/berthet-vins.ch\/fr\/wp-json\/wp\/v2\/posts"}],"about":[{"href":"https:\/\/berthet-vins.ch\/fr\/wp-json\/wp\/v2\/types\/post"}],"author":[{"embeddable":true,"href":"https:\/\/berthet-vins.ch\/fr\/wp-json\/wp\/v2\/users\/1"}],"replies":[{"embeddable":true,"href":"https:\/\/berthet-vins.ch\/fr\/wp-json\/wp\/v2\/comments?post=4322"}],"version-history":[{"count":35,"href":"https:\/\/berthet-vins.ch\/fr\/wp-json\/wp\/v2\/posts\/4322\/revisions"}],"predecessor-version":[{"id":4384,"href":"https:\/\/berthet-vins.ch\/fr\/wp-json\/wp\/v2\/posts\/4322\/revisions\/4384"}],"wp:featuredmedia":[{"embeddable":true,"href":"https:\/\/berthet-vins.ch\/fr\/wp-json\/wp\/v2\/media\/4325"}],"wp:attachment":[{"href":"https:\/\/berthet-vins.ch\/fr\/wp-json\/wp\/v2\/media?parent=4322"}],"wp:term":[{"taxonomy":"category","embeddable":true,"href":"https:\/\/berthet-vins.ch\/fr\/wp-json\/wp\/v2\/categories?post=4322"},{"taxonomy":"post_tag","embeddable":true,"href":"https:\/\/berthet-vins.ch\/fr\/wp-json\/wp\/v2\/tags?post=4322"}],"curies":[{"name":"wp","href":"https:\/\/api.w.org\/{rel}","templated":true}]}}