{"id":829,"date":"2019-06-03T14:32:11","date_gmt":"2019-06-03T12:32:11","guid":{"rendered":"https:\/\/berthet-vins.site\/caves-ouvertes-vaudoises\/"},"modified":"2019-06-03T14:32:11","modified_gmt":"2019-06-03T12:32:11","slug":"caves-ouvertes-vaudoises","status":"publish","type":"post","link":"https:\/\/berthet-vins.ch\/fr\/caves-ouvertes-vaudoises\/","title":{"rendered":"8 et 9 juin &#8211; Caves Ouvertes Vaudoises"},"content":{"rendered":"<h3>Rendez-nous visite au\u00a0coeur de Lavaux les 8 et 9 juin. Nous vous attendons\u00a0au domaine 10h00 \u00e0 18h00.<\/h3>\n<p>Si il y a un week-end \u00e0 ne pas manquer dans le canton de Vaud, c&rsquo;est bien celui des Caves Ouvertes Vaudoises !<\/p>\n<p>Muni de votre passeport Caves ouvertes, vous reconna\u00eetrez facilement les autres \u00e9picuriens \u00e0 leur verre de vin rouge ou de vin blanc \u00e0 la main et \u00e0 leur bonne humeur contagieuse. Amateurs d&rsquo;oenologie, vous n\u2019avez qu\u2019\u00e0 les suivre pour rejoindre le c\u0153ur de l\u2019\u00e9v\u00e9nement !<\/p>\n<p>Plus de 300 vignerons sont pr\u00eats \u00e0 vous accueillir dans leurs caves et caveaux durant le week-end de Pentec\u00f4te dans les vignobles de Lavaux, du Chablais, de La C\u00f4te, du Vully, de Bonvillars et des C\u00f4tes de l&rsquo;Orbe. (Re)d\u00e9couvrez les sensations que vous pourrez vivre lors de vos premi\u00e8res Caves Ouvertes Vaudoises . Un moment de d\u00e9tente, o\u00f9 convivialit\u00e9 et d\u00e9couvertes sont au rendez-vous dans tout le canton!<\/p>\n<p><a href=\"https:\/\/www.region-du-leman.ch\/fr\/Z10789\/vos-premieres-caves-ouvertes-vaudoises\" target=\"_blank\" rel=\"noopener\">LAISSEZ-VOUS INSPIRER !<\/a><\/p>\n","protected":false},"excerpt":{"rendered":"<p>Rendez-nous visite au\u00a0coeur de Lavaux les 8 et 9 juin. Nous vous attendons\u00a0au domaine 10h00 \u00e0 18h00. Si il y a un week-end \u00e0 ne pas manquer dans le canton de Vaud, c&rsquo;est bien celui des Caves Ouvertes Vaudoises ! Muni de votre passeport Caves ouvertes, vous reconna\u00eetrez facilement les autres \u00e9picuriens \u00e0 leur verre [&hellip;]<\/p>\n","protected":false},"author":1,"featured_media":826,"comment_status":"open","ping_status":"open","sticky":false,"template":"","format":"standard","meta":{"_et_pb_use_builder":"","_et_pb_old_content":"","_et_gb_content_width":"","footnotes":""},"categories":[47],"tags":[],"class_list":["post-829","post","type-post","status-publish","format-standard","has-post-thumbnail","hentry","category-actualites"],"_links":{"self":[{"href":"https:\/\/berthet-vins.ch\/fr\/wp-json\/wp\/v2\/posts\/829","targetHints":{"allow":["GET"]}}],"collection":[{"href":"https:\/\/berthet-vins.ch\/fr\/wp-json\/wp\/v2\/posts"}],"about":[{"href":"https:\/\/berthet-vins.ch\/fr\/wp-json\/wp\/v2\/types\/post"}],"author":[{"embeddable":true,"href":"https:\/\/berthet-vins.ch\/fr\/wp-json\/wp\/v2\/users\/1"}],"replies":[{"embeddable":true,"href":"https:\/\/berthet-vins.ch\/fr\/wp-json\/wp\/v2\/comments?post=829"}],"version-history":[{"count":0,"href":"https:\/\/berthet-vins.ch\/fr\/wp-json\/wp\/v2\/posts\/829\/revisions"}],"wp:featuredmedia":[{"embeddable":true,"href":"https:\/\/berthet-vins.ch\/fr\/wp-json\/wp\/v2\/media\/826"}],"wp:attachment":[{"href":"https:\/\/berthet-vins.ch\/fr\/wp-json\/wp\/v2\/media?parent=829"}],"wp:term":[{"taxonomy":"category","embeddable":true,"href":"https:\/\/berthet-vins.ch\/fr\/wp-json\/wp\/v2\/categories?post=829"},{"taxonomy":"post_tag","embeddable":true,"href":"https:\/\/berthet-vins.ch\/fr\/wp-json\/wp\/v2\/tags?post=829"}],"curies":[{"name":"wp","href":"https:\/\/api.w.org\/{rel}","templated":true}]}}