{"id":833,"date":"2019-06-04T14:32:11","date_gmt":"2019-06-04T12:32:11","guid":{"rendered":"https:\/\/berthet-vins.site\/caves-ouvertes-vaudoises-2\/"},"modified":"2019-06-04T14:32:11","modified_gmt":"2019-06-04T12:32:11","slug":"caves-ouvertes-vaudoises-2","status":"publish","type":"post","link":"https:\/\/berthet-vins.ch\/fr\/caves-ouvertes-vaudoises-2\/","title":{"rendered":"14 et 15 juin &#8211; Portes Ouvertes au domaine"},"content":{"rendered":"<h3>Dans une nature f\u00e9\u00e9rique, venez passer des instants magiques.<\/h3>\n<p>Vendredi 14 juin de 17h \u00e0 21h<\/p>\n<p>Samedi 15 juin de 11h \u00e0 18h<\/p>\n<p><span style=\"font-size: 12pt;\"><strong>Votre cadeau\u00a0: 10% de rabais sur tous les vins\u00a0!<\/strong><\/span><\/p>\n<blockquote>\n<p>Pour accompagner nos crus :<\/p>\n<p>\u00a0\u2028Les fl\u00fbtes maison de Camille \u266a\u266a Les crostinis \u00e0 la truite \u266a\u266a Les bruschettas aux tomates \u266a\u266a Les minis brochettes surprise \u266a\u266a La planchette campagnarde \u266a\u266a\u2028<br \/>Une douce po\u00e9sie \u266a\u266a\u2028 Le sorbet aux p\u00eaches de vigne du Grains D\u2019Amour<\/p>\n<p>Samedi \u00e0 midi : raclette !<\/p>\n<\/blockquote>\n<p>Vous, votre famille, vos amis, vos connaissances, vos coll\u00e8gues, vos voisins\u00a0: nous vous attendons avec joie\u00a0!<\/p>\n<p>Famille Berthet<\/p>\n<p>\u00a0<\/p>\n","protected":false},"excerpt":{"rendered":"<p>Dans une nature f\u00e9\u00e9rique, venez passer des instants magiques. Vendredi 14 juin de 17h \u00e0 21h Samedi 15 juin de 11h \u00e0 18h Votre cadeau\u00a0: 10% de rabais sur tous les vins\u00a0! Pour accompagner nos crus : \u00a0\u2028Les fl\u00fbtes maison de Camille \u266a\u266a Les crostinis \u00e0 la truite \u266a\u266a Les bruschettas aux tomates \u266a\u266a Les [&hellip;]<\/p>\n","protected":false},"author":1,"featured_media":830,"comment_status":"open","ping_status":"open","sticky":false,"template":"","format":"standard","meta":{"_et_pb_use_builder":"","_et_pb_old_content":"","_et_gb_content_width":"","footnotes":""},"categories":[47],"tags":[],"class_list":["post-833","post","type-post","status-publish","format-standard","has-post-thumbnail","hentry","category-actualites"],"_links":{"self":[{"href":"https:\/\/berthet-vins.ch\/fr\/wp-json\/wp\/v2\/posts\/833","targetHints":{"allow":["GET"]}}],"collection":[{"href":"https:\/\/berthet-vins.ch\/fr\/wp-json\/wp\/v2\/posts"}],"about":[{"href":"https:\/\/berthet-vins.ch\/fr\/wp-json\/wp\/v2\/types\/post"}],"author":[{"embeddable":true,"href":"https:\/\/berthet-vins.ch\/fr\/wp-json\/wp\/v2\/users\/1"}],"replies":[{"embeddable":true,"href":"https:\/\/berthet-vins.ch\/fr\/wp-json\/wp\/v2\/comments?post=833"}],"version-history":[{"count":0,"href":"https:\/\/berthet-vins.ch\/fr\/wp-json\/wp\/v2\/posts\/833\/revisions"}],"wp:featuredmedia":[{"embeddable":true,"href":"https:\/\/berthet-vins.ch\/fr\/wp-json\/wp\/v2\/media\/830"}],"wp:attachment":[{"href":"https:\/\/berthet-vins.ch\/fr\/wp-json\/wp\/v2\/media?parent=833"}],"wp:term":[{"taxonomy":"category","embeddable":true,"href":"https:\/\/berthet-vins.ch\/fr\/wp-json\/wp\/v2\/categories?post=833"},{"taxonomy":"post_tag","embeddable":true,"href":"https:\/\/berthet-vins.ch\/fr\/wp-json\/wp\/v2\/tags?post=833"}],"curies":[{"name":"wp","href":"https:\/\/api.w.org\/{rel}","templated":true}]}}